{"id":1316,"date":"2022-06-23T15:03:41","date_gmt":"2022-06-23T13:03:41","guid":{"rendered":"https:\/\/evvsm.com\/newsite\/?p=1316"},"modified":"2022-06-23T15:10:30","modified_gmt":"2022-06-23T13:10:30","slug":"fin-dannee","status":"publish","type":"post","link":"https:\/\/evvsm.com\/newsite\/2022\/06\/23\/fin-dannee\/","title":{"rendered":"Fin d&rsquo;ann\u00e9e"},"content":{"rendered":"\n<p>La fin de saison approchant, nous demandons \u00e0 tous les jeunes de ramener leur maillot mis \u00e0 disposition par le club en d\u00e9but de saison.&nbsp; A remettre \u00e0 ZAK lors des entra\u00eenements ou \u00e0 G\u00e9rard.&nbsp;<\/p>\n\n\n\n<p>Par ailleurs vous trouverez ci-joint les documents d&rsquo;inscription pour la nouvelle saison 2022-2023. Ces documents ont \u00e9t\u00e9 distribu\u00e9s aux entra\u00eenements la semaine derni\u00e8re.<\/p>\n\n\n\n<p>Si vous inscrivez votre enfant d&rsquo;ici fin juin, les tarifs, valables que ce mois-ci,&nbsp;tarifs appliqu\u00e9s en d\u00e9but de saison pour les nouveaux adh\u00e9rents, sont pr\u00e9cis\u00e9s dans les documents joints.<\/p>\n\n\n\n<p>Dans la mesure o\u00f9 des aides permettant de r\u00e9duire le co\u00fbt&nbsp;de cette cotisation, sur pr\u00e9sentation du justificatif&nbsp;((ARS, passe sport&#8230;) le club remboursera les familles.<\/p>\n\n\n\n<p><br>A partir de septembre les nouveaux tarifs (\u00e0 la hausse) vous seront communiqu\u00e9s \u00e0 la rentr\u00e9e, ils seront connus apr\u00e8s les assembl\u00e9es g\u00e9n\u00e9rales du comit\u00e9 de l&rsquo;Eure et de la ligue qui auront lieu cet \u00e9t\u00e9.<\/p>\n\n\n\n<ul><li><a href=\"https:\/\/evvsm.com\/newsite\/wp-content\/uploads\/2022\/06\/Formulaire_demande_licences_2022_2023_EVVSM.pdf\">Formulaire_demande_licences_2022_2023_EVVSM.pdf<\/a><\/li><li><a href=\"https:\/\/evvsm.com\/newsite\/wp-content\/uploads\/2022\/06\/autorisation_parentale_2022-2023.pdf\">Autorisation_parentale_2022-2023.pdf<\/a><\/li><li><a href=\"https:\/\/evvsm.com\/newsite\/wp-content\/uploads\/2022\/06\/lettre-rentree-2022-2023_juin.pdf\">Lettre-rentree-2022-2023_juin.pdf<\/a><\/li><li><a href=\"https:\/\/evvsm.com\/newsite\/wp-content\/uploads\/2022\/06\/FFvolley_qs_sport_sportifs_mineurs_2022-23.pdf\">Questionnaire_relatif_\u00e0_l&rsquo;\u00e9tat_de_sant\u00e9_des_sportifs_mineurs_2022-23.pdf<\/a><\/li><\/ul>\n\n\n\n<p><\/p>\n\n\n\n<p><\/p>\n\n\n\n<p><\/p>\n","protected":false},"excerpt":{"rendered":"<p>La fin de saison approchant, nous demandons \u00e0 tous les jeunes de ramener leur maillot mis \u00e0 disposition par le club en d\u00e9but de saison.&nbsp; A remettre \u00e0 ZAK lors des entra\u00eenements ou \u00e0 G\u00e9rard.&nbsp; Par ailleurs vous trouverez ci-joint &hellip; <a href=\"https:\/\/evvsm.com\/newsite\/2022\/06\/23\/fin-dannee\/\">En lire plus <span class=\"meta-nav\">&rarr;<\/span><\/a><\/p>\n","protected":false},"author":6,"featured_media":0,"comment_status":"open","ping_status":"open","sticky":true,"template":"","format":"standard","meta":[],"categories":[6],"tags":[],"_links":{"self":[{"href":"https:\/\/evvsm.com\/newsite\/wp-json\/wp\/v2\/posts\/1316"}],"collection":[{"href":"https:\/\/evvsm.com\/newsite\/wp-json\/wp\/v2\/posts"}],"about":[{"href":"https:\/\/evvsm.com\/newsite\/wp-json\/wp\/v2\/types\/post"}],"author":[{"embeddable":true,"href":"https:\/\/evvsm.com\/newsite\/wp-json\/wp\/v2\/users\/6"}],"replies":[{"embeddable":true,"href":"https:\/\/evvsm.com\/newsite\/wp-json\/wp\/v2\/comments?post=1316"}],"version-history":[{"count":3,"href":"https:\/\/evvsm.com\/newsite\/wp-json\/wp\/v2\/posts\/1316\/revisions"}],"predecessor-version":[{"id":1329,"href":"https:\/\/evvsm.com\/newsite\/wp-json\/wp\/v2\/posts\/1316\/revisions\/1329"}],"wp:attachment":[{"href":"https:\/\/evvsm.com\/newsite\/wp-json\/wp\/v2\/media?parent=1316"}],"wp:term":[{"taxonomy":"category","embeddable":true,"href":"https:\/\/evvsm.com\/newsite\/wp-json\/wp\/v2\/categories?post=1316"},{"taxonomy":"post_tag","embeddable":true,"href":"https:\/\/evvsm.com\/newsite\/wp-json\/wp\/v2\/tags?post=1316"}],"curies":[{"name":"wp","href":"https:\/\/api.w.org\/{rel}","templated":true}]}}