{"id":1727,"date":"2024-12-10T17:10:29","date_gmt":"2024-12-10T16:10:29","guid":{"rendered":"https:\/\/evvsm.com\/newsite\/?p=1727"},"modified":"2024-12-10T17:10:29","modified_gmt":"2024-12-10T16:10:29","slug":"tournois-jeunes","status":"publish","type":"post","link":"https:\/\/evvsm.com\/newsite\/2024\/12\/10\/tournois-jeunes\/","title":{"rendered":"Tournois Jeunes"},"content":{"rendered":"\n<figure class=\"wp-block-image size-large is-resized\"><img loading=\"lazy\" src=\"https:\/\/evvsm.com\/newsite\/wp-content\/uploads\/IMG_20241130_141018-1-1024x768.jpg\" alt=\"\" class=\"wp-image-1729\" width=\"461\" height=\"346\" srcset=\"https:\/\/evvsm.com\/newsite\/wp-content\/uploads\/IMG_20241130_141018-1-1024x768.jpg 1024w, https:\/\/evvsm.com\/newsite\/wp-content\/uploads\/IMG_20241130_141018-1-300x225.jpg 300w, https:\/\/evvsm.com\/newsite\/wp-content\/uploads\/IMG_20241130_141018-1-768x576.jpg 768w, https:\/\/evvsm.com\/newsite\/wp-content\/uploads\/IMG_20241130_141018-1-1536x1152.jpg 1536w, https:\/\/evvsm.com\/newsite\/wp-content\/uploads\/IMG_20241130_141018-1-2048x1536.jpg 2048w\" sizes=\"(max-width: 461px) 100vw, 461px\" \/><\/figure>\n\n\n\n<figure class=\"wp-block-image size-large is-resized\"><img loading=\"lazy\" src=\"https:\/\/evvsm.com\/newsite\/wp-content\/uploads\/IMG_20241207_140137-1024x768.jpg\" alt=\"\" class=\"wp-image-1730\" width=\"464\" height=\"348\" srcset=\"https:\/\/evvsm.com\/newsite\/wp-content\/uploads\/IMG_20241207_140137-1024x768.jpg 1024w, https:\/\/evvsm.com\/newsite\/wp-content\/uploads\/IMG_20241207_140137-300x225.jpg 300w, https:\/\/evvsm.com\/newsite\/wp-content\/uploads\/IMG_20241207_140137-768x576.jpg 768w, https:\/\/evvsm.com\/newsite\/wp-content\/uploads\/IMG_20241207_140137-1536x1152.jpg 1536w, https:\/\/evvsm.com\/newsite\/wp-content\/uploads\/IMG_20241207_140137-2048x1536.jpg 2048w\" sizes=\"(max-width: 464px) 100vw, 464px\" \/><\/figure>\n\n\n\n<h3><strong>M13 D\u00e9partemental \u00e0 Pacy :<\/strong><\/h3>\n\n\n\n<p>Les jeunes M13 de l\u2019EVVSM ont r\u00e9alis\u00e9 une belle performance lors du tournoi d\u00e9partemental organis\u00e9 \u00e0 Pacy.<\/p>\n\n\n\n<ul><li><strong>Gar\u00e7ons :<\/strong> L\u2019\u00e9quipe masculine termine \u00e0 une excellente <strong>2\u00e8me place<\/strong>, confirmant leur progression constante dans cette cat\u00e9gorie.<\/li><li><strong>Filles :<\/strong> L\u2019\u00e9quipe f\u00e9minine, compos\u00e9e en grande partie de joueuses d\u00e9butantes, d\u00e9croche une tr\u00e8s honorable <strong>3\u00e8me place<\/strong>, montrant d\u00e9j\u00e0 de belles qualit\u00e9s collectives.<\/li><\/ul>\n\n\n\n<hr class=\"wp-block-separator has-alpha-channel-opacity\"\/>\n\n\n\n<h3><strong>M15 D\u00e9partemental \u00e0 Bernay :<\/strong><\/h3>\n\n\n\n<p>Les M15 de Vernon Saint-Marcel \u00e9taient en d\u00e9placement \u00e0 Bernay pour un tournoi d\u00e9partemental qui a permis de mesurer leur progression face \u00e0 de solides \u00e9quipes.<\/p>\n\n\n\n<ul><li><strong>Filles :<\/strong> Les deux \u00e9quipes engag\u00e9es terminent respectivement <strong>4\u00e8me<\/strong> et <strong>10\u00e8me<\/strong>, une belle performance pour un groupe en d\u00e9veloppement.<\/li><li><strong>Gar\u00e7ons :<\/strong> Les gar\u00e7ons ont brill\u00e9, avec l\u2019\u00e9quipe 1 qui d\u00e9croche la <strong>1\u00e8re place<\/strong> du tournoi gr\u00e2ce \u00e0 un jeu bien structur\u00e9. L\u2019\u00e9quipe 2 termine \u00e9galement sur le podium \u00e0 une belle <strong>3\u00e8me place<\/strong>.<\/li><\/ul>\n\n\n\n<hr class=\"wp-block-separator has-alpha-channel-opacity\"\/>\n\n\n\n<h3><strong>M18 R\u00e9gional Honneur F\u00e9minine \u00e0 Isneauville :<\/strong><\/h3>\n\n\n\n<p>Les jeunes M18 F\u00e9minines ont survol\u00e9 la comp\u00e9tition lors du tournoi R\u00e9gional Honneur \u00e0 Isneauville, terminant <strong>1\u00e8res<\/strong> avec autorit\u00e9. Gr\u00e2ce \u00e0 leur collectif soud\u00e9 et \u00e0 une excellente efficacit\u00e9 au service, elles ont montr\u00e9 qu\u2019elles \u00e9taient une des \u00e9quipes \u00e0 battre cette saison.<\/p>\n","protected":false},"excerpt":{"rendered":"<p>M13 D\u00e9partemental \u00e0 Pacy : Les jeunes M13 de l\u2019EVVSM ont r\u00e9alis\u00e9 une belle performance lors du tournoi d\u00e9partemental organis\u00e9 \u00e0 Pacy. Gar\u00e7ons : L\u2019\u00e9quipe masculine termine \u00e0 une excellente 2\u00e8me place, confirmant leur progression constante dans cette cat\u00e9gorie. Filles &hellip; <a href=\"https:\/\/evvsm.com\/newsite\/2024\/12\/10\/tournois-jeunes\/\">En lire plus <span class=\"meta-nav\">&rarr;<\/span><\/a><\/p>\n","protected":false},"author":9,"featured_media":0,"comment_status":"open","ping_status":"open","sticky":false,"template":"","format":"standard","meta":[],"categories":[5,4,6],"tags":[38,57,40,20,42,41,13,33,19,9],"_links":{"self":[{"href":"https:\/\/evvsm.com\/newsite\/wp-json\/wp\/v2\/posts\/1727"}],"collection":[{"href":"https:\/\/evvsm.com\/newsite\/wp-json\/wp\/v2\/posts"}],"about":[{"href":"https:\/\/evvsm.com\/newsite\/wp-json\/wp\/v2\/types\/post"}],"author":[{"embeddable":true,"href":"https:\/\/evvsm.com\/newsite\/wp-json\/wp\/v2\/users\/9"}],"replies":[{"embeddable":true,"href":"https:\/\/evvsm.com\/newsite\/wp-json\/wp\/v2\/comments?post=1727"}],"version-history":[{"count":1,"href":"https:\/\/evvsm.com\/newsite\/wp-json\/wp\/v2\/posts\/1727\/revisions"}],"predecessor-version":[{"id":1731,"href":"https:\/\/evvsm.com\/newsite\/wp-json\/wp\/v2\/posts\/1727\/revisions\/1731"}],"wp:attachment":[{"href":"https:\/\/evvsm.com\/newsite\/wp-json\/wp\/v2\/media?parent=1727"}],"wp:term":[{"taxonomy":"category","embeddable":true,"href":"https:\/\/evvsm.com\/newsite\/wp-json\/wp\/v2\/categories?post=1727"},{"taxonomy":"post_tag","embeddable":true,"href":"https:\/\/evvsm.com\/newsite\/wp-json\/wp\/v2\/tags?post=1727"}],"curies":[{"name":"wp","href":"https:\/\/api.w.org\/{rel}","templated":true}]}}