{"id":196,"date":"2011-10-19T00:02:52","date_gmt":"2011-10-18T22:02:52","guid":{"rendered":"http:\/\/evvsm.com\/newsite\/?p=196"},"modified":"2011-10-19T00:05:48","modified_gmt":"2011-10-18T22:05:48","slug":"r1-premier-match-a-pont-de-larche","status":"publish","type":"post","link":"https:\/\/evvsm.com\/newsite\/2011\/10\/19\/r1-premier-match-a-pont-de-larche\/","title":{"rendered":"R1 : Premier match \u00e0 Pont de L&rsquo;Arche"},"content":{"rendered":"<p>Les R1 ont disput\u00e9 leur premier match de championnat en d\u00e9placement vendredi dernier \u00e0 Pont de l&rsquo;Arche.<br \/>\nPerdu sur le score de 3-1 [ 25-21, 17-25, 25-17, 25-19 ], cette jeune \u00e9quipe aura montr\u00e9 un beau potentiel qui pourrait lui permettre de faire bien mieux que l&rsquo;an pass\u00e9 &#8230;<\/p>\n<p><a href=\"http:\/\/evvsm.com\/newsite\/wp-content\/uploads\/2011\/10\/DSC_0074.jpg\" rel=\"lightbox[196]\"><img loading=\"lazy\" class=\"alignnone size-thumbnail wp-image-197\" title=\"DSC_0074\" src=\"http:\/\/evvsm.com\/newsite\/wp-content\/uploads\/2011\/10\/DSC_0074-150x150.jpg\" alt=\"\" width=\"150\" height=\"150\" \/><\/a> <a href=\"http:\/\/evvsm.com\/newsite\/wp-content\/uploads\/2011\/10\/DSC_0077.jpg\" rel=\"lightbox[196]\"><img loading=\"lazy\" class=\"alignnone size-thumbnail wp-image-198\" title=\"DSC_0077\" src=\"http:\/\/evvsm.com\/newsite\/wp-content\/uploads\/2011\/10\/DSC_0077-150x150.jpg\" alt=\"\" width=\"150\" height=\"150\" \/><\/a> <a href=\"http:\/\/evvsm.com\/newsite\/wp-content\/uploads\/2011\/10\/DSC_0116.jpg\" rel=\"lightbox[196]\"><img loading=\"lazy\" class=\"alignnone size-thumbnail wp-image-199\" title=\"DSC_0116\" src=\"http:\/\/evvsm.com\/newsite\/wp-content\/uploads\/2011\/10\/DSC_0116-150x150.jpg\" alt=\"\" width=\"150\" height=\"150\" \/><\/a> <a href=\"http:\/\/evvsm.com\/newsite\/wp-content\/uploads\/2011\/10\/DSC_0086.jpg\" rel=\"lightbox[196]\"><img loading=\"lazy\" class=\"alignnone size-thumbnail wp-image-200\" title=\"DSC_0086\" src=\"http:\/\/evvsm.com\/newsite\/wp-content\/uploads\/2011\/10\/DSC_0086-150x150.jpg\" alt=\"\" width=\"150\" height=\"150\" \/><\/a><\/p>\n<p><a href=\"https:\/\/picasaweb.google.com\/nicolas.giaichel\/R1PontDeLArcheEVVSM?authuser=0&amp;feat=directlink\">Toutes les photos sont ici ! <\/a><br \/>\n[ un grand merci \u00e0 la photographe ! ]<\/p>\n<p>Prochain match (encore en d\u00e9placement ) :<br \/>\nVendredi 21 Octobre contre AL CANTELEU MAROMME 3<\/p>\n","protected":false},"excerpt":{"rendered":"<p>Les R1 ont disput\u00e9 leur premier match de championnat en d\u00e9placement vendredi dernier \u00e0 Pont de l&rsquo;Arche. Perdu sur le score de 3-1 [ 25-21, 17-25, 25-17, 25-19 ], cette jeune \u00e9quipe aura montr\u00e9 un beau potentiel qui pourrait lui &hellip; <a href=\"https:\/\/evvsm.com\/newsite\/2011\/10\/19\/r1-premier-match-a-pont-de-larche\/\">En lire plus <span class=\"meta-nav\">&rarr;<\/span><\/a><\/p>\n","protected":false},"author":1,"featured_media":0,"comment_status":"open","ping_status":"open","sticky":false,"template":"","format":"standard","meta":[],"categories":[6],"tags":[],"_links":{"self":[{"href":"https:\/\/evvsm.com\/newsite\/wp-json\/wp\/v2\/posts\/196"}],"collection":[{"href":"https:\/\/evvsm.com\/newsite\/wp-json\/wp\/v2\/posts"}],"about":[{"href":"https:\/\/evvsm.com\/newsite\/wp-json\/wp\/v2\/types\/post"}],"author":[{"embeddable":true,"href":"https:\/\/evvsm.com\/newsite\/wp-json\/wp\/v2\/users\/1"}],"replies":[{"embeddable":true,"href":"https:\/\/evvsm.com\/newsite\/wp-json\/wp\/v2\/comments?post=196"}],"version-history":[{"count":3,"href":"https:\/\/evvsm.com\/newsite\/wp-json\/wp\/v2\/posts\/196\/revisions"}],"predecessor-version":[{"id":202,"href":"https:\/\/evvsm.com\/newsite\/wp-json\/wp\/v2\/posts\/196\/revisions\/202"}],"wp:attachment":[{"href":"https:\/\/evvsm.com\/newsite\/wp-json\/wp\/v2\/media?parent=196"}],"wp:term":[{"taxonomy":"category","embeddable":true,"href":"https:\/\/evvsm.com\/newsite\/wp-json\/wp\/v2\/categories?post=196"},{"taxonomy":"post_tag","embeddable":true,"href":"https:\/\/evvsm.com\/newsite\/wp-json\/wp\/v2\/tags?post=196"}],"curies":[{"name":"wp","href":"https:\/\/api.w.org\/{rel}","templated":true}]}}