{"id":394,"date":"2012-02-19T15:34:30","date_gmt":"2012-02-19T13:34:30","guid":{"rendered":"http:\/\/evvsm.com\/newsite\/?p=394"},"modified":"2012-02-21T10:43:53","modified_gmt":"2012-02-21T08:43:53","slug":"prenat-sur-la-lance","status":"publish","type":"post","link":"https:\/\/evvsm.com\/newsite\/2012\/02\/19\/prenat-sur-la-lance\/","title":{"rendered":"Prenat : Sur la lanc\u00e9 &#8230;"},"content":{"rendered":"<p><em><strong><br \/>\n<a href=\"http:\/\/evvsm.com\/newsite\/wp-content\/uploads\/2012\/02\/DSC_0087.jpg\" rel=\"lightbox[394]\"><img loading=\"lazy\" class=\"alignright size-medium wp-image-415\" title=\"DSC_0087\" src=\"http:\/\/evvsm.com\/newsite\/wp-content\/uploads\/2012\/02\/DSC_0087-156x300.jpg\" alt=\"\" width=\"156\" height=\"300\" srcset=\"https:\/\/evvsm.com\/newsite\/wp-content\/uploads\/2012\/02\/DSC_0087-156x300.jpg 156w, https:\/\/evvsm.com\/newsite\/wp-content\/uploads\/2012\/02\/DSC_0087.jpg 390w\" sizes=\"(max-width: 156px) 100vw, 156px\" \/><\/a>D\u00e9croch\u00e9e en d\u00e9but de saison avec 4 d\u00e9faites cons\u00e9cutives, l\u2019\u00e9quipe de Pr\u00e9nationale masculine de l\u2019EVVSM est en passe de recoller au trio de t\u00eate gr\u00e2ce \u00e0 4 victoires cons\u00e9cutives. Mais la blessure du passeur titulaire Hassouna ELTAIEF risquait de peser lourd lors du d\u00e9placement \u00e0 l\u2019ASPTT Rouen, son poursuivant imm\u00e9diat.<\/strong><\/em><\/p>\n<p><span style=\"line-height: 19px;\">C\u2019est donc Yann Kervadec, ex-central en reconversion \u00e0 la passe cette saison, qui suppl\u00e9ait cette absence et qui, d\u00e8s l\u2019entame de match, mettait la pression sur la r\u00e9ception adverse (10-1). Ses co\u00e9quipiers prenaient le relais au service et au contre pour accro\u00eetre l\u2019\u00e9cart (25-8).<\/span><\/p>\n<p><span style=\"line-height: 19px;\">Mais les Rouennais se ressaisissaient dans la seconde manche et tentaient de profiter d\u2019un rel\u00e2chement au service et d\u2019une r\u00e9ception moins pr\u00e9cise des visiteurs\u2026 sans que cela apporte les fruits escompt\u00e9s (25-19).<\/span><\/p>\n<div id=\"attachment_416\" style=\"width: 650px\" class=\"wp-caption alignnone\"><em><strong><a href=\"http:\/\/evvsm.com\/newsite\/wp-content\/uploads\/2012\/02\/DSC_0021.jpg\" rel=\"lightbox[394]\"><img aria-describedby=\"caption-attachment-416\" loading=\"lazy\" class=\"size-large wp-image-416\" title=\"DSC_0021\" src=\"http:\/\/evvsm.com\/newsite\/wp-content\/uploads\/2012\/02\/DSC_0021-1024x660.jpg\" alt=\"\" width=\"640\" height=\"412\" srcset=\"https:\/\/evvsm.com\/newsite\/wp-content\/uploads\/2012\/02\/DSC_0021-1024x660.jpg 1024w, https:\/\/evvsm.com\/newsite\/wp-content\/uploads\/2012\/02\/DSC_0021-300x193.jpg 300w, https:\/\/evvsm.com\/newsite\/wp-content\/uploads\/2012\/02\/DSC_0021.jpg 1162w\" sizes=\"(max-width: 640px) 100vw, 640px\" \/><\/a><\/strong><\/em><p id=\"caption-attachment-416\" class=\"wp-caption-text\">Yann Kervadec, ex-central reconverti \u00e0 la passe<\/p><\/div>\n<p>L\u2019EVVSM avait tout de m\u00eame senti le vent du boulet et entamait tambour battant le troisi\u00e8me set (5-1, 8-3). Etouff\u00e9s, les Rouennais ne parvenaient plus \u00e0 s\u2019exprimer que par intermittence (16-9). Les d\u00e9bats s\u2019\u00e9quilibraient en fin de set, mais cela ne permettait pas aux locaux de refaire leur retard (25-17).<\/p>\n<p>Avec cette nette victoire, le deuxi\u00e8me plus gros \u00e9cart de la saison, l\u2019EVVSM (6\u00b0) profite du demi faux pas de Gaillon (5\u00b0 et victorieux au tie-break chez la lanterne rouge) et de la d\u00e9faite de Pacy (4\u00b0) pour se positionner sur les talons de ces deux \u00e9quipes \u00e0 seulement 3 points du podium\u00a0! L\u2019accueil d\u2019Elbeuf (10\u00b0) le 17 mars prochain devrait mettre un peu plus la pression sur ces \u00e9quipes.<\/p>\n<p>A.B.<\/p>\n","protected":false},"excerpt":{"rendered":"<p>D\u00e9croch\u00e9e en d\u00e9but de saison avec 4 d\u00e9faites cons\u00e9cutives, l\u2019\u00e9quipe de Pr\u00e9nationale masculine de l\u2019EVVSM est en passe de recoller au trio de t\u00eate gr\u00e2ce \u00e0 4 victoires cons\u00e9cutives. Mais la blessure du passeur titulaire Hassouna ELTAIEF risquait de peser &hellip; <a href=\"https:\/\/evvsm.com\/newsite\/2012\/02\/19\/prenat-sur-la-lance\/\">En lire plus <span class=\"meta-nav\">&rarr;<\/span><\/a><\/p>\n","protected":false},"author":1,"featured_media":398,"comment_status":"open","ping_status":"open","sticky":false,"template":"","format":"standard","meta":[],"categories":[5,6],"tags":[],"_links":{"self":[{"href":"https:\/\/evvsm.com\/newsite\/wp-json\/wp\/v2\/posts\/394"}],"collection":[{"href":"https:\/\/evvsm.com\/newsite\/wp-json\/wp\/v2\/posts"}],"about":[{"href":"https:\/\/evvsm.com\/newsite\/wp-json\/wp\/v2\/types\/post"}],"author":[{"embeddable":true,"href":"https:\/\/evvsm.com\/newsite\/wp-json\/wp\/v2\/users\/1"}],"replies":[{"embeddable":true,"href":"https:\/\/evvsm.com\/newsite\/wp-json\/wp\/v2\/comments?post=394"}],"version-history":[{"count":8,"href":"https:\/\/evvsm.com\/newsite\/wp-json\/wp\/v2\/posts\/394\/revisions"}],"predecessor-version":[{"id":403,"href":"https:\/\/evvsm.com\/newsite\/wp-json\/wp\/v2\/posts\/394\/revisions\/403"}],"wp:featuredmedia":[{"embeddable":true,"href":"https:\/\/evvsm.com\/newsite\/wp-json\/wp\/v2\/media\/398"}],"wp:attachment":[{"href":"https:\/\/evvsm.com\/newsite\/wp-json\/wp\/v2\/media?parent=394"}],"wp:term":[{"taxonomy":"category","embeddable":true,"href":"https:\/\/evvsm.com\/newsite\/wp-json\/wp\/v2\/categories?post=394"},{"taxonomy":"post_tag","embeddable":true,"href":"https:\/\/evvsm.com\/newsite\/wp-json\/wp\/v2\/tags?post=394"}],"curies":[{"name":"wp","href":"https:\/\/api.w.org\/{rel}","templated":true}]}}